{"id":2028,"date":"2026-04-22T10:25:23","date_gmt":"2026-04-22T09:25:23","guid":{"rendered":"http:\/\/www.musica-lannemezan.net\/?p=2028"},"modified":"2026-04-22T10:25:23","modified_gmt":"2026-04-22T09:25:23","slug":"concert-evenement","status":"publish","type":"post","link":"http:\/\/www.musica-lannemezan.net\/?p=2028","title":{"rendered":"Concert \u00e9v\u00e8nement"},"content":{"rendered":"\n<p>Rendez-vous le Mardi 12 Mai \u00e0 20h30 \u00e0 la salle des f\u00eates de LANNEMEZAN<\/p>\n\n\n\n<p>Notre directeur Yann Berthelot a adapt\u00e9 pour l\u2019Orchestre d\u2019Harmonie du Plateau de Lannemezan, les deux op\u00e9ras de Julien Joubert que vous allez d\u00e9couvrir.<\/p>\n\n\n\n<p>\u00c9tant \u00e0 la fois un des deux chefs de notre orchestre et l\u2019intervenant de la Soci\u00e9t\u00e9 Musicale du Plateau dans les \u00e9coles lannemezanaises, il s\u2019est lanc\u00e9 dans l\u2019aventure, aid\u00e9 pour les \u00e9coles de Vielle-Aure et Aragnouet, de notre professeure de fl\u00fbte Virginie Culus.<\/p>\n\n\n\n<p>220 \u00e9l\u00e8ves et 75 musiciens seront sur sc\u00e8ne pour cet \u00e9v\u00e9nement in\u00e9dit <img loading=\"lazy\" decoding=\"async\" height=\"16\" width=\"16\" alt=\"&#x1f917;\" src=\"https:\/\/static.xx.fbcdn.net\/images\/emoji.php\/v9\/t56\/2\/16\/1f917.png\"><img loading=\"lazy\" decoding=\"async\" height=\"16\" width=\"16\" alt=\"&#x1f917;\" src=\"https:\/\/static.xx.fbcdn.net\/images\/emoji.php\/v9\/t56\/2\/16\/1f917.png\"><\/p>\n\n\n\n<figure class=\"wp-block-image size-large\"><img loading=\"lazy\" decoding=\"async\" width=\"683\" height=\"1024\" src=\"http:\/\/www.musica-lannemezan.net\/wp-content\/uploads\/2026\/04\/Affiche_Officielle_Logos-683x1024.png\" alt=\"\" class=\"wp-image-2027\" srcset=\"http:\/\/www.musica-lannemezan.net\/wp-content\/uploads\/2026\/04\/Affiche_Officielle_Logos-683x1024.png 683w, http:\/\/www.musica-lannemezan.net\/wp-content\/uploads\/2026\/04\/Affiche_Officielle_Logos-334x500.png 334w, http:\/\/www.musica-lannemezan.net\/wp-content\/uploads\/2026\/04\/Affiche_Officielle_Logos-768x1151.png 768w, http:\/\/www.musica-lannemezan.net\/wp-content\/uploads\/2026\/04\/Affiche_Officielle_Logos.png 1024w\" sizes=\"auto, (max-width: 683px) 100vw, 683px\" \/><\/figure>\n","protected":false},"excerpt":{"rendered":"<p>Rendez-vous le Mardi 12 Mai \u00e0 20h30 \u00e0 la salle des f\u00eates de LANNEMEZAN Notre directeur Yann Berthelot a adapt\u00e9 pour l\u2019Orchestre d\u2019Harmonie du Plateau de Lannemezan, les deux op\u00e9ras de Julien Joubert que vous allez d\u00e9couvrir. \u00c9tant \u00e0 la fois un des deux chefs de notre orchestre et l\u2019intervenant de la Soci\u00e9t\u00e9 Musicale du &hellip; <a href=\"http:\/\/www.musica-lannemezan.net\/?p=2028\" class=\"more-link\">Continuer la lecture de <span class=\"screen-reader-text\">Concert \u00e9v\u00e8nement<\/span> <span class=\"meta-nav\">&rarr;<\/span><\/a><\/p>\n","protected":false},"author":3,"featured_media":0,"comment_status":"closed","ping_status":"open","sticky":false,"template":"","format":"standard","meta":{"footnotes":""},"categories":[1],"tags":[],"class_list":["post-2028","post","type-post","status-publish","format-standard","hentry","category-news-societe"],"_links":{"self":[{"href":"http:\/\/www.musica-lannemezan.net\/index.php?rest_route=\/wp\/v2\/posts\/2028","targetHints":{"allow":["GET"]}}],"collection":[{"href":"http:\/\/www.musica-lannemezan.net\/index.php?rest_route=\/wp\/v2\/posts"}],"about":[{"href":"http:\/\/www.musica-lannemezan.net\/index.php?rest_route=\/wp\/v2\/types\/post"}],"author":[{"embeddable":true,"href":"http:\/\/www.musica-lannemezan.net\/index.php?rest_route=\/wp\/v2\/users\/3"}],"replies":[{"embeddable":true,"href":"http:\/\/www.musica-lannemezan.net\/index.php?rest_route=%2Fwp%2Fv2%2Fcomments&post=2028"}],"version-history":[{"count":1,"href":"http:\/\/www.musica-lannemezan.net\/index.php?rest_route=\/wp\/v2\/posts\/2028\/revisions"}],"predecessor-version":[{"id":2029,"href":"http:\/\/www.musica-lannemezan.net\/index.php?rest_route=\/wp\/v2\/posts\/2028\/revisions\/2029"}],"wp:attachment":[{"href":"http:\/\/www.musica-lannemezan.net\/index.php?rest_route=%2Fwp%2Fv2%2Fmedia&parent=2028"}],"wp:term":[{"taxonomy":"category","embeddable":true,"href":"http:\/\/www.musica-lannemezan.net\/index.php?rest_route=%2Fwp%2Fv2%2Fcategories&post=2028"},{"taxonomy":"post_tag","embeddable":true,"href":"http:\/\/www.musica-lannemezan.net\/index.php?rest_route=%2Fwp%2Fv2%2Ftags&post=2028"}],"curies":[{"name":"wp","href":"https:\/\/api.w.org\/{rel}","templated":true}]}}