{"id":2023,"date":"2026-03-28T11:12:12","date_gmt":"2026-03-28T10:12:12","guid":{"rendered":"http:\/\/www.musica-lannemezan.net\/?p=2023"},"modified":"2026-03-28T11:12:12","modified_gmt":"2026-03-28T10:12:12","slug":"concert-de-printemps","status":"publish","type":"post","link":"http:\/\/www.musica-lannemezan.net\/?p=2023","title":{"rendered":"CONCERT DE PRINTEMPS"},"content":{"rendered":"\n<p>Rendez-vous ce Samedi 28 Mars \u00e0 20h30 \u00e0 la salle des f\u00eates de LANNEMEZAN <\/p>\n\n\n\n<p>Concert en 2 parties sous la direction de Robert Valentie et Yann Berthelot<\/p>\n\n\n\n<figure class=\"wp-block-image size-large\"><img loading=\"lazy\" decoding=\"async\" width=\"724\" height=\"1024\" src=\"http:\/\/www.musica-lannemezan.net\/wp-content\/uploads\/2026\/03\/Affiche-Concert-Printemps-2026-724x1024.jpg\" alt=\"\" class=\"wp-image-2020\" srcset=\"http:\/\/www.musica-lannemezan.net\/wp-content\/uploads\/2026\/03\/Affiche-Concert-Printemps-2026-724x1024.jpg 724w, http:\/\/www.musica-lannemezan.net\/wp-content\/uploads\/2026\/03\/Affiche-Concert-Printemps-2026-353x500.jpg 353w, http:\/\/www.musica-lannemezan.net\/wp-content\/uploads\/2026\/03\/Affiche-Concert-Printemps-2026-768x1086.jpg 768w, http:\/\/www.musica-lannemezan.net\/wp-content\/uploads\/2026\/03\/Affiche-Concert-Printemps-2026-1086x1536.jpg 1086w, http:\/\/www.musica-lannemezan.net\/wp-content\/uploads\/2026\/03\/Affiche-Concert-Printemps-2026.jpg 1131w\" sizes=\"auto, (max-width: 724px) 100vw, 724px\" \/><\/figure>\n\n\n\n<figure class=\"wp-block-image size-large\"><img loading=\"lazy\" decoding=\"async\" width=\"819\" height=\"1024\" src=\"http:\/\/www.musica-lannemezan.net\/wp-content\/uploads\/2026\/03\/Programme-1-819x1024.jpg\" alt=\"\" class=\"wp-image-2021\" srcset=\"http:\/\/www.musica-lannemezan.net\/wp-content\/uploads\/2026\/03\/Programme-1-819x1024.jpg 819w, http:\/\/www.musica-lannemezan.net\/wp-content\/uploads\/2026\/03\/Programme-1-400x500.jpg 400w, http:\/\/www.musica-lannemezan.net\/wp-content\/uploads\/2026\/03\/Programme-1-768x960.jpg 768w, http:\/\/www.musica-lannemezan.net\/wp-content\/uploads\/2026\/03\/Programme-1.jpg 1080w\" sizes=\"auto, (max-width: 819px) 100vw, 819px\" \/><\/figure>\n\n\n\n<figure class=\"wp-block-image size-large\"><img loading=\"lazy\" decoding=\"async\" width=\"819\" height=\"1024\" src=\"http:\/\/www.musica-lannemezan.net\/wp-content\/uploads\/2026\/03\/Programme-2-819x1024.jpg\" alt=\"\" class=\"wp-image-2022\" srcset=\"http:\/\/www.musica-lannemezan.net\/wp-content\/uploads\/2026\/03\/Programme-2-819x1024.jpg 819w, http:\/\/www.musica-lannemezan.net\/wp-content\/uploads\/2026\/03\/Programme-2-400x500.jpg 400w, http:\/\/www.musica-lannemezan.net\/wp-content\/uploads\/2026\/03\/Programme-2-768x960.jpg 768w, http:\/\/www.musica-lannemezan.net\/wp-content\/uploads\/2026\/03\/Programme-2.jpg 1080w\" sizes=\"auto, (max-width: 819px) 100vw, 819px\" \/><\/figure>\n","protected":false},"excerpt":{"rendered":"<p>Rendez-vous ce Samedi 28 Mars \u00e0 20h30 \u00e0 la salle des f\u00eates de LANNEMEZAN Concert en 2 parties sous la direction de Robert Valentie et Yann Berthelot<\/p>\n","protected":false},"author":3,"featured_media":0,"comment_status":"closed","ping_status":"open","sticky":false,"template":"","format":"standard","meta":{"footnotes":""},"categories":[1],"tags":[],"class_list":["post-2023","post","type-post","status-publish","format-standard","hentry","category-news-societe"],"_links":{"self":[{"href":"http:\/\/www.musica-lannemezan.net\/index.php?rest_route=\/wp\/v2\/posts\/2023","targetHints":{"allow":["GET"]}}],"collection":[{"href":"http:\/\/www.musica-lannemezan.net\/index.php?rest_route=\/wp\/v2\/posts"}],"about":[{"href":"http:\/\/www.musica-lannemezan.net\/index.php?rest_route=\/wp\/v2\/types\/post"}],"author":[{"embeddable":true,"href":"http:\/\/www.musica-lannemezan.net\/index.php?rest_route=\/wp\/v2\/users\/3"}],"replies":[{"embeddable":true,"href":"http:\/\/www.musica-lannemezan.net\/index.php?rest_route=%2Fwp%2Fv2%2Fcomments&post=2023"}],"version-history":[{"count":1,"href":"http:\/\/www.musica-lannemezan.net\/index.php?rest_route=\/wp\/v2\/posts\/2023\/revisions"}],"predecessor-version":[{"id":2024,"href":"http:\/\/www.musica-lannemezan.net\/index.php?rest_route=\/wp\/v2\/posts\/2023\/revisions\/2024"}],"wp:attachment":[{"href":"http:\/\/www.musica-lannemezan.net\/index.php?rest_route=%2Fwp%2Fv2%2Fmedia&parent=2023"}],"wp:term":[{"taxonomy":"category","embeddable":true,"href":"http:\/\/www.musica-lannemezan.net\/index.php?rest_route=%2Fwp%2Fv2%2Fcategories&post=2023"},{"taxonomy":"post_tag","embeddable":true,"href":"http:\/\/www.musica-lannemezan.net\/index.php?rest_route=%2Fwp%2Fv2%2Ftags&post=2023"}],"curies":[{"name":"wp","href":"https:\/\/api.w.org\/{rel}","templated":true}]}}